{"id":1375,"date":"2022-10-02T18:55:08","date_gmt":"2022-10-02T18:55:08","guid":{"rendered":"http:\/\/uitdewerkplaats.nl\/2022-2023\/?p=1375"},"modified":"2023-02-15T12:48:45","modified_gmt":"2023-02-15T12:48:45","slug":"voedselbanken-wij-hebben-nooit-genoeg-aan-een-ton-om-onze-stellingen-te-vullen","status":"publish","type":"post","link":"https:\/\/uitdewerkplaats.nl\/2022-2023\/2022\/10\/02\/voedselbanken-wij-hebben-nooit-genoeg-aan-een-ton-om-onze-stellingen-te-vullen\/","title":{"rendered":"Voedselbanken: \u2018Wij hebben nooit genoeg aan \u00e9\u00e9n ton om onze stellingen te vullen\u2019"},"content":{"rendered":"\n<p><strong>Drenthe &#8211; 100 duizend euro wordt geschonken aan de voedselbanken in Drenthe. Dit werd woensdag 28 september duidelijk na het unaniem instemmen van de partijen met een motie van de PvdA.<\/strong><\/p>\n\n\n\n<p>Huishoudens hebben het financieel zwaar door de hoge energieprijzen en komen geld tekort voor boodschappen. In combinatie met een lagere drempel voor het krijgen van een voedselpakket zorgt dit ervoor dat er steeds meer aanmeldingen zijn bij de voedselbank.<\/p>\n\n\n\n<p>Tinus Ensing is algemeen bestuurslid en algemeen co\u00f6rdinator voor de gemeente Assen binnen Hart voor Drenthe. Hij is blij met elke euro maar vindt \u00e9\u00e9n ton niet genoeg. \u201cEr zijn 4 grote stichtingen in Drenthe. Wij als Hart van Drenthe hebben al 6 voedselbanken. In Assen zit ik op 259 gezinnen die elk een pakket hebben van ongeveer 30 euro. Verdeel die ton over alle stichtingen en alle voedselbanken dan blijft er bar weinig over. Dan heb ik nooit genoeg aan \u00e9\u00e9n ton.\u201d<\/p>\n\n\n\n<p>De voedselbanken hebben hoge uitgaven. \u201cWij krijgen steeds minder vaak gratis artikelen. Ik heb hier heel veel lege stellingen. Afgelopen week hebben we geen zuivel binnengekregen en ik moet zelf brood kopen.\u201d Daarnaast hebben voedselbanken ook last van de energieprijzen. \u201cHet gasverbruik is laag maar het stroomverbruik giert bij ons de pan uit.\u201d<\/p>\n\n\n\n<p>Om de voedselbanken verder te helpen, staan er inzamelingsacties gepland op 17 oktober en 10 december. <a>\u201c<\/a>Mensen zijn ons altijd zo dankbaar, dat is mij de moeite helemaal waard.\u201d<\/p>\n","protected":false},"excerpt":{"rendered":"<p>Drenthe &#8211; 100 duizend euro wordt geschonken aan de voedselbanken in Drenthe. Dit werd woensdag 28 september duidelijk na het unaniem instemmen van de partijen met een motie van de PvdA. Huishoudens hebben het financieel zwaar door de hoge energieprijzen en komen geld tekort voor boodschappen. In combinatie met een lagere drempel voor het krijgen van een voedselpakket zorgt dit ervoor dat er steeds meer aanmeldingen zijn bij de voedselbank. Tinus Ensing is algemeen bestuurslid en algemeen co\u00f6rdinator voor de gemeente Assen binnen Hart voor Drenthe. Hij is blij met elke euro maar vindt \u00e9\u00e9n ton niet genoeg. \u201cEr zijn<\/p>\n","protected":false},"author":38,"featured_media":1376,"comment_status":"open","ping_status":"open","sticky":false,"template":"","format":"standard","meta":{"footnotes":""},"categories":[14],"tags":[209,210,211],"class_list":["post-1375","post","type-post","status-publish","format-standard","has-post-thumbnail","hentry","category-zorg-welzijn","tag-drenthe","tag-pvda","tag-voedselbanken"],"_links":{"self":[{"href":"https:\/\/uitdewerkplaats.nl\/2022-2023\/wp-json\/wp\/v2\/posts\/1375","targetHints":{"allow":["GET"]}}],"collection":[{"href":"https:\/\/uitdewerkplaats.nl\/2022-2023\/wp-json\/wp\/v2\/posts"}],"about":[{"href":"https:\/\/uitdewerkplaats.nl\/2022-2023\/wp-json\/wp\/v2\/types\/post"}],"author":[{"embeddable":true,"href":"https:\/\/uitdewerkplaats.nl\/2022-2023\/wp-json\/wp\/v2\/users\/38"}],"replies":[{"embeddable":true,"href":"https:\/\/uitdewerkplaats.nl\/2022-2023\/wp-json\/wp\/v2\/comments?post=1375"}],"version-history":[{"count":2,"href":"https:\/\/uitdewerkplaats.nl\/2022-2023\/wp-json\/wp\/v2\/posts\/1375\/revisions"}],"predecessor-version":[{"id":1432,"href":"https:\/\/uitdewerkplaats.nl\/2022-2023\/wp-json\/wp\/v2\/posts\/1375\/revisions\/1432"}],"wp:featuredmedia":[{"embeddable":true,"href":"https:\/\/uitdewerkplaats.nl\/2022-2023\/wp-json\/wp\/v2\/media\/1376"}],"wp:attachment":[{"href":"https:\/\/uitdewerkplaats.nl\/2022-2023\/wp-json\/wp\/v2\/media?parent=1375"}],"wp:term":[{"taxonomy":"category","embeddable":true,"href":"https:\/\/uitdewerkplaats.nl\/2022-2023\/wp-json\/wp\/v2\/categories?post=1375"},{"taxonomy":"post_tag","embeddable":true,"href":"https:\/\/uitdewerkplaats.nl\/2022-2023\/wp-json\/wp\/v2\/tags?post=1375"}],"curies":[{"name":"wp","href":"https:\/\/api.w.org\/{rel}","templated":true}]}}