{"id":1518,"date":"2025-07-03T16:55:17","date_gmt":"2025-07-03T15:55:17","guid":{"rendered":"https:\/\/uitdewerkplaats.nl\/2025\/?p=1518"},"modified":"2025-12-02T23:33:15","modified_gmt":"2025-12-02T22:33:15","slug":"het-enige-tastbare-dat-ouders-overhouden-marijke-van-dekken-fotografeert-overleden-babys","status":"publish","type":"post","link":"https:\/\/uitdewerkplaats.nl\/2025\/interviews\/het-enige-tastbare-dat-ouders-overhouden-marijke-van-dekken-fotografeert-overleden-babys\/","title":{"rendered":"&#8220;Het enige tastbare dat ouders overhouden&#8221; \u2013 Marijke van Dekken fotografeert overleden baby\u2019s"},"content":{"rendered":"\n<p><em>Wat begon als een onwennige eerste opdracht is inmiddels uitgegroeid tot een persoonlijke missie: Marijke van Dekken (30) uit Anjum fotografeert overleden baby\u2019s, om ouders een blijvende herinnering te geven aan hun veel te vroeg overleden kind. \u201cHet is natuurlijk verschrikkelijk,\u201d zegt ze, \u201cmaar het geeft ook heel veel dankbaarheid.\u201d<\/em><\/p>\n\n\n\n<p>Marijke fotografeert al sinds haar veertiende. Tien jaar geleden werd ze gevraagd om voor het eerst een overleden kindje vast te leggen. \u201cIk had toen net mijn eerste kind gekregen. Ik vond het idee veel te heftig en zei direct nee. Maar een paar maanden later vroegen ze het opnieuw, omdat er zo\u2019n tekort was aan fotografen die dit durven doen. Toen besloot ik het \u00e9\u00e9n keer te proberen. Als het niks voor me was, zou ik stoppen.\u201d<\/p>\n\n\n\n<p>Het bleek haar roeping. \u201cJe denkt misschien: waarom zou je dat vast willen leggen? Maar het is voor veel ouders het enige tastbare dat ze nog hebben. Een foto. Een herinnering aan hoe hun kindje eruitzag.\u201d Ze legt uit dat beelden een belangrijke rol kunnen spelen in het rouwproces. \u201cOp dat moment zit je in een roes, alles gaat langs je heen. Pas later besef je: ik heb bijna niets meer. Dan kun je teruggrijpen op die foto\u2019s. Dat geeft houvast.\u201d<\/p>\n\n\n\n<p>De situaties waarin ze terechtkomt zijn vaak intens en kwetsbaar. E\u00e9n ervaring blijft haar altijd bij. \u201cEen meisje van \u00e9\u00e9n jaar dat verdronk in een tuinvijver van amper tien centimeter diep. Hoe benader je ouders in zo\u2019n situatie? Wat kun je zeggen, wat niet? Je wilt vooral geen extra pijn doen.\u201d<\/p>\n\n\n\n<p>Marijke kiest bewust voor een rustige benadering. \u201cMeestal drinken we eerst samen koffie. Even de spanning eraf halen. Daarna kijk ik: willen mensen praten, of juist niet? Je moet goed aanvoelen wat ze nodig hebben.\u201d Haar rol gaat dan ook verder dan alleen fotografie. \u201cIk ben er als fotograaf, maar vaak ook als luisterend oor. Ouders willen hun verhaal kwijt, en ik ben op dat moment misschien wel de enige buitenstaander die er op een zachte manier bij is.\u201d<\/p>\n\n\n\n<p>De impact van het werk laat ook bij haar sporen na. \u201cNa zo\u2019n opdracht wil ik meteen naar huis om mijn kind vast te houden. Je wordt dankbaar, maar ook angstig. Want je weet hoe vaak het misgaat, en hoe weinig mensen dat beseffen. In Nederland sterven er gemiddeld tachtig baby\u2019s per dag \u2014 van twaalf weken zwangerschap tot vlak na de geboorte.\u201d<\/p>\n\n\n\n<p>Jarenlang werkte Marijke voor een stichting, maar na interne problemen besloot ze voor zichzelf te beginnen. \u201cVeel mensen in Friesland kenden mij al. Ik kreeg berichtjes van ouders, uitvaartverzorgers, verloskundigen: \u2018Doe je het nog?\u2019 Toen heb ik een bericht op Facebook geplaatst. Dat werd 700 keer gedeeld, en de reacties stroomden binnen. Ook van andere fotografen, en zelfs van de krant.\u201d<\/p>\n\n\n\n<p>Inmiddels bouwt ze aan een eigen stichting. Ze wil klein beginnen, in Friesland, maar hoopt uiteindelijk ook andere fotografen op te leiden. \u201cOp mijn website kunnen mensen zich aanmelden. Ik kijk dan niet alleen naar techniek, maar vooral: kun je met mensen omgaan? Weet je hoe je je opstelt in zo\u2019n kwetsbare situatie?\u201d<\/p>\n\n\n\n<p>Voorlopig werkt ze nog op vrijwillige basis. \u201cIk hoop straks iets op te zetten met donaties, of acties zoals verlotingen. Niet om eraan te verdienen, maar om het duurzaam te kunnen doen.\u201d Want \u00e9\u00e9n ding weet ze zeker: dit werk m\u00f3et gedaan worden.<\/p>\n\n\n\n<p>\u201cHet is zwaar, maar het is ook het mooiste wat ik kan doen. Voor ouders betekent het alles. Een foto van hun kindje. Dat is onbetaalbaar.\u201d<\/p>\n","protected":false},"excerpt":{"rendered":"<p>Wat begon als een onwennige eerste opdracht is inmiddels uitgegroeid tot een persoonlijke missie: Marijke van Dekken (30) uit Anjum fotografeert overleden baby\u2019s, om ouders een blijvende herinnering te geven aan hun veel te vroeg overleden kind. \u201cHet is natuurlijk verschrikkelijk,\u201d zegt ze, \u201cmaar het geeft ook heel veel dankbaarheid.\u201d Marijke fotografeert al sinds haar veertiende. Tien jaar geleden werd ze gevraagd om voor het eerst een overleden kindje vast te leggen. \u201cIk had toen net mijn eerste kind gekregen. Ik vond het idee veel te heftig en zei direct nee. Maar een paar maanden later vroegen ze het opnieuw,<\/p>\n","protected":false},"author":27,"featured_media":1519,"comment_status":"open","ping_status":"open","sticky":false,"template":"","format":"standard","meta":{"footnotes":""},"categories":[21],"tags":[],"class_list":["post-1518","post","type-post","status-publish","format-standard","has-post-thumbnail","hentry","category-interviews"],"_links":{"self":[{"href":"https:\/\/uitdewerkplaats.nl\/2025\/wp-json\/wp\/v2\/posts\/1518","targetHints":{"allow":["GET"]}}],"collection":[{"href":"https:\/\/uitdewerkplaats.nl\/2025\/wp-json\/wp\/v2\/posts"}],"about":[{"href":"https:\/\/uitdewerkplaats.nl\/2025\/wp-json\/wp\/v2\/types\/post"}],"author":[{"embeddable":true,"href":"https:\/\/uitdewerkplaats.nl\/2025\/wp-json\/wp\/v2\/users\/27"}],"replies":[{"embeddable":true,"href":"https:\/\/uitdewerkplaats.nl\/2025\/wp-json\/wp\/v2\/comments?post=1518"}],"version-history":[{"count":1,"href":"https:\/\/uitdewerkplaats.nl\/2025\/wp-json\/wp\/v2\/posts\/1518\/revisions"}],"predecessor-version":[{"id":1520,"href":"https:\/\/uitdewerkplaats.nl\/2025\/wp-json\/wp\/v2\/posts\/1518\/revisions\/1520"}],"wp:featuredmedia":[{"embeddable":true,"href":"https:\/\/uitdewerkplaats.nl\/2025\/wp-json\/wp\/v2\/media\/1519"}],"wp:attachment":[{"href":"https:\/\/uitdewerkplaats.nl\/2025\/wp-json\/wp\/v2\/media?parent=1518"}],"wp:term":[{"taxonomy":"category","embeddable":true,"href":"https:\/\/uitdewerkplaats.nl\/2025\/wp-json\/wp\/v2\/categories?post=1518"},{"taxonomy":"post_tag","embeddable":true,"href":"https:\/\/uitdewerkplaats.nl\/2025\/wp-json\/wp\/v2\/tags?post=1518"}],"curies":[{"name":"wp","href":"https:\/\/api.w.org\/{rel}","templated":true}]}}